{"id":30621,"date":"2022-02-14T18:55:08","date_gmt":"2022-02-14T18:55:08","guid":{"rendered":"https:\/\/careers.edwardjones.com\/blog\/its-not-about-balance-its-about-work-life-integration\/"},"modified":"2024-03-26T03:05:12","modified_gmt":"2024-03-26T03:05:12","slug":"ce-nest-pas-une-question-d-equilibre-il-sagit-de-le-integration-de-la-vie-professionnelle-et-de-la-vie-privee","status":"publish","type":"post","link":"https:\/\/edwardjones.site.findly.com\/fr-CA\/blog\/ce-nest-pas-une-question-d-equilibre-il-sagit-de-le-integration-de-la-vie-professionnelle-et-de-la-vie-privee\/","title":{"rendered":"Ce n\u2019est pas une question d\u2019\u00e9quilibre. Il s\u2019agit de l\u2019int\u00e9gration de la vie professionnelle et de la vie priv\u00e9e."},"content":{"rendered":"<p>[av_section min_height=\u00a0\u00bb min_height_px=&rsquo;60px&rsquo; padding=&rsquo;no-padding&rsquo; shadow=&rsquo;no-border-styling&rsquo; bottom_border=&rsquo;no-border-styling&rsquo; bottom_border_diagonal_color=&rsquo;#333333&prime; bottom_border_diagonal_direction=\u00a0\u00bb bottom_border_style=\u00a0\u00bb id=\u00a0\u00bb color=&rsquo;main_color&rsquo; custom_bg=\u00a0\u00bb src=\u00a0\u00bb attachment=\u00a0\u00bb attachment_size=\u00a0\u00bb attach=&rsquo;scroll&rsquo; position=&rsquo;top left&rsquo; repeat=&rsquo;no-repeat&rsquo; video=\u00a0\u00bb video_ratio=&rsquo;16:9&prime; overlay_opacity=&rsquo;0.5&prime; overlay_color=\u00a0\u00bb overlay_pattern=\u00a0\u00bb overlay_custom_pattern=\u00a0\u00bb custom_class=&rsquo;breadcrumb-section minht0 pb40 blog-detail-breadcrumb&rsquo;]<br \/>\n[av_textblock size=\u00a0\u00bb font_color=\u00a0\u00bb color=\u00a0\u00bb custom_class=\u00a0\u00bb]<br \/>\n[cws_bread_crumb separator=&gt;]<br \/>\n[\/av_textblock]<br \/>\n[\/av_section]<\/p>\n<p>[av_section min_height=\u00a0\u00bb min_height_px=&rsquo;500px&rsquo; padding=&rsquo;no-padding&rsquo; shadow=&rsquo;no-border-styling&rsquo; bottom_border=&rsquo;no-border-styling&rsquo; bottom_border_diagonal_color=&rsquo;#333333&prime; bottom_border_diagonal_direction=\u00a0\u00bb bottom_border_style=\u00a0\u00bb id=\u00a0\u00bb color=&rsquo;main_color&rsquo; custom_bg=\u00a0\u00bb src=\u00a0\u00bb attachment=\u00a0\u00bb attachment_size=\u00a0\u00bb attach=&rsquo;scroll&rsquo; position=&rsquo;top left&rsquo; repeat=&rsquo;no-repeat&rsquo; video=\u00a0\u00bb video_ratio=&rsquo;16:9&prime; overlay_opacity=&rsquo;0.5&prime; overlay_color=\u00a0\u00bb overlay_pattern=\u00a0\u00bb overlay_custom_pattern=\u00a0\u00bb custom_class=&rsquo;left-text-right-image two-col-wideimg reverse-col blog-detail-banner blog-detail-banner-img&rsquo;]<\/p>\n<p>[av_one_third first min_height=&rsquo;av-equal-height-column&rsquo; vertical_alignment=&rsquo;av-align-middle&rsquo; space=&rsquo;no_margin&rsquo; margin=&rsquo;0px&rsquo; margin_sync=&rsquo;true&rsquo; padding=&rsquo;0px&rsquo; padding_sync=&rsquo;true&rsquo; border=\u00a0\u00bb border_color=\u00a0\u00bb radius=&rsquo;0px&rsquo; radius_sync=&rsquo;true&rsquo; background_color=&rsquo;#fdf8da&rsquo; src=\u00a0\u00bb attachment=\u00a0\u00bb attachment_size=\u00a0\u00bb background_position=&rsquo;top left&rsquo; background_repeat=&rsquo;no-repeat&rsquo; animation=\u00a0\u00bb mobile_display=\u00a0\u00bb custom_class=&rsquo;l-text&rsquo;]<\/p>\n<p>[av_textblock size=\u00a0\u00bb font_color=\u00a0\u00bb color=\u00a0\u00bb custom_class=&rsquo;blog-title&rsquo;]<\/p>\n<div class=\"avia_textblock h2-small-wrapper m0\" itemprop=\"text\">\n<p class=\"h2-small\">Occasion de devenir conseiller en investissement :<\/p>\n<\/div>\n<h1 class=\"pt10\">Ce n\u2019est pas une question d\u2019\u00e9quilibre. Il s\u2019agit de l\u2019int\u00e9gration de la vie professionnelle et de la vie priv\u00e9e.<\/h1>\n<p>[av_social_share title=&rsquo;Share this post:&rsquo; style=\u00a0\u00bb buttons=&rsquo;custom&rsquo; share_facebook=&rsquo;aviaTBshare_facebook&rsquo; share_twitter=&rsquo;aviaTBshare_twitter&rsquo; share_linkedin=&rsquo;aviaTBshare_linkedin&rsquo; share_mail=&rsquo;aviaTBshare_mail&rsquo; custom_class=&rsquo;ejd-banner-social-share-widget blog-detail-banner-social-share d-flex&rsquo;]<br \/>\n[\/av_textblock]<\/p>\n<p>[\/av_one_third][av_two_third min_height=\u00a0\u00bb vertical_alignment=&rsquo;av-align-top&rsquo; space=\u00a0\u00bb margin=&rsquo;0px&rsquo; margin_sync=&rsquo;true&rsquo; padding=&rsquo;0px&rsquo; padding_sync=&rsquo;true&rsquo; border=\u00a0\u00bb border_color=\u00a0\u00bb radius=&rsquo;0px&rsquo; radius_sync=&rsquo;true&rsquo; background_color=\u00a0\u00bb src=\u00a0\u00bb attachment=\u00a0\u00bb attachment_size=\u00a0\u00bb background_position=&rsquo;top left&rsquo; background_repeat=&rsquo;no-repeat&rsquo; animation=\u00a0\u00bb mobile_display=\u00a0\u00bb custom_class=&rsquo;r-img&rsquo;]<\/p>\n<p>[av_image src=&rsquo;\/wp-content\/uploads\/sites\/1392\/2022\/02\/08183823\/blog-helen-hero.jpg&rsquo; attachment=&rsquo;25514&prime; attachment_size=&rsquo;full&rsquo; align=&rsquo;right&rsquo; styling=\u00a0\u00bb hover=\u00a0\u00bb link=\u00a0\u00bb target=\u00a0\u00bb caption=\u00a0\u00bb font_size=\u00a0\u00bb appearance=\u00a0\u00bb overlay_opacity=&rsquo;0.4&prime; overlay_color=&rsquo;#000000&prime; overlay_text_color=&rsquo;#ffffff&rsquo; animation=&rsquo;no-animation&rsquo; custom_class=\u00a0\u00bb][\/av_image]<\/p>\n<p>[\/av_two_third][\/av_section][av_section min_height=\u00a0\u00bb min_height_px=&rsquo;500px&rsquo; padding=&rsquo;no-padding&rsquo; shadow=&rsquo;no-border-styling&rsquo; bottom_border=&rsquo;no-border-styling&rsquo; bottom_border_diagonal_color=&rsquo;#333333&prime; bottom_border_diagonal_direction=\u00a0\u00bb bottom_border_style=\u00a0\u00bb id=\u00a0\u00bb color=&rsquo;main_color&rsquo; custom_bg=\u00a0\u00bb src=\u00a0\u00bb attachment=\u00a0\u00bb attachment_size=\u00a0\u00bb attach=&rsquo;scroll&rsquo; position=&rsquo;top left&rsquo; repeat=&rsquo;no-repeat&rsquo; video=\u00a0\u00bb video_ratio=&rsquo;16:9&prime; overlay_opacity=&rsquo;0.5&prime; overlay_color=\u00a0\u00bb overlay_pattern=\u00a0\u00bb overlay_custom_pattern=\u00a0\u00bb custom_class=&rsquo;pt90 pb100 search-widget-vertical-container&rsquo;]<\/p>\n<p>[av_three_fourth first min_height=\u00a0\u00bb vertical_alignment=&rsquo;av-align-top&rsquo; space=\u00a0\u00bb margin=&rsquo;0px&rsquo; margin_sync=&rsquo;true&rsquo; padding=&rsquo;0px&rsquo; padding_sync=&rsquo;true&rsquo; border=\u00a0\u00bb border_color=\u00a0\u00bb radius=&rsquo;0px&rsquo; radius_sync=&rsquo;true&rsquo; background_color=\u00a0\u00bb src=\u00a0\u00bb attachment=\u00a0\u00bb attachment_size=\u00a0\u00bb background_position=&rsquo;top left&rsquo; background_repeat=&rsquo;no-repeat&rsquo; animation=\u00a0\u00bb mobile_display=\u00a0\u00bb custom_class=\u00a0\u00bb]<\/p>\n<p>[av_textblock size=\u00a0\u00bb font_color=\u00a0\u00bb color=\u00a0\u00bb custom_class=&rsquo;h2fs30 h2fw600&prime;]<br \/>\nAu d\u00e9but des ann\u00e9es 2000, <a href=\"https:\/\/www.edwardjones.com\/us-en\/financial-advisor\/helen-ricelake\" target=\"_blank\" rel=\"noopener\" title=\"visit Helen Rice's Financial Advisor page\">Helen Rice<\/a>, qui \u00e9tait une avocate sp\u00e9cialis\u00e9e dans la planification successorale et la gestion de petites entreprises \u00e0 Atlanta, menait une carri\u00e8re florissante. Il ne fait aucun doute qu\u2019elle \u00e9tait tr\u00e8s occup\u00e9e en tant que chef de famille monoparentale avec deux jeunes enfants, mais elle s\u2019en sortait. \u00ab Ce qui m\u2019a dynamis\u00e9e, c\u2019est d\u2019\u00eatre en mesure d\u2019aider les gens \u00bb, affirme Helen. N\u00e9anmoins, elle \u00e9tait frustr\u00e9e que sa r\u00e9mun\u00e9ration ne soit pas directement li\u00e9e aux r\u00e9sultats obtenus aupr\u00e8s des clients. Et ce m\u00e9contentement s\u2019est refl\u00e9t\u00e9 dans tous les aspects de sa vie. Elle savait qu\u2019elle avait besoin d\u2019un changement. \u00ab Je savais que je serais plus heureuse\u2026 et plus prosp\u00e8re\u2026 dans tous les aspects de ma vie si j\u2019\u00e9tais je m\u2019accomplissais pleinement dans mon travail. \u00bb<\/p>\n<p>Gr\u00e2ce \u00e0 son r\u00e9seau professionnel, Helen s\u2019est mise en relation avec un conseiller en investissement Edward Jones. Au cours de leurs conversations, Helen a entendu certains aspects cl\u00e9s de la carri\u00e8re de cette personne \u2014 cette carri\u00e8re permet de :<\/p>\n<ul>\n<li>B\u00e2tir le type d\u2019entreprise que vous voulez g\u00e9rer.<\/li>\n<li>Aider les gens \u00e0 trouver des solutions et \u00e0 planifier pour l\u2019avenir.<\/li>\n<li>D\u00e9velopper des relations \u00e0 long terme avec les gens.<\/li>\n<\/ul>\n<p class=\"pt20\">En 2013, Helen a parl\u00e9 avec ses fils et leur a expliqu\u00e9 qu\u2019elle \u00e9tait pr\u00eate \u00e0 effectuer ce changement. Ce ne serait pas facile au d\u00e9but, mais ensemble, en tant que famille, avec amour et soutien, elle \u00e9tait convaincue qu\u2019ils seraient tous plus heureux \u00e0 long terme.<\/p>\n<div class=\"blog-detail-quote\">\n<p class=\"pfs24 plh38\"><em>\u00ab Edward Jones n\u2019est pas la soci\u00e9t\u00e9 de placement habituelle. Nous b\u00e9n\u00e9ficions d\u2019un excellent soutien, surtout de la part de nos coll\u00e8gues conseillers. Nous nous soucions vraiment les uns des autres et nous voulons r\u00e9ussir ensemble. \u00bb<\/em><\/p>\n<p class=\"pfs24 plh38\"><em>-Helen Rice Lake, conseill\u00e8re en investissement<\/em><\/p>\n<\/div>\n<p class=\"pt20\">Aujourd\u2019hui, les activit\u00e9s d\u2019Helen prennent de l\u2019ampleur, son actif sous gestion s\u2019\u00e9levant \u00e0 plus de 150 M$ et sa cote d\u2019exp\u00e9rience client d\u00e9passant largement les attentes. Elle attribue une grande partie de son succ\u00e8s non seulement \u00e0 son nouveau choix de carri\u00e8re, mais encore plus \u00e0 l\u2019endroit o\u00f9 elle a choisi de travailler. \u00ab Edward Jones n\u2019est pas la soci\u00e9t\u00e9 de placement habituelle. Nous b\u00e9n\u00e9ficions d\u2019un excellent soutien, surtout de la part de nos coll\u00e8gues conseillers. Nous nous soucions vraiment les uns des autres et nous voulons r\u00e9ussir ensemble. Je consid\u00e8re certains de mes coll\u00e8gues de travail comme mes meilleurs amis. En fait, la personne qui a port\u00e9 un toast \u00e0 mon mariage est maintenant aussi mon dirigeant r\u00e9gional! \u00bb<\/p>\n<p>Et les fils d\u2019Helen? Leurs r\u00e9flexions sur le parcours professionnel de leur m\u00e8re peuvent \u00eatre d\u00e9crites de la mani\u00e8re suivante. Lorsque Helen les a emmen\u00e9s \u00e0 Maui pour leur premier voyage dans le cadre de la prime de voyage Edward Jones, son fils de sept ans a dit : \u00ab Maman, j\u2019aime vraiment ton nouvel emploi! \u00bb<\/p>\n<h3>Vous \u00eates int\u00e9ress\u00e9 par le poste de conseiller en investissement Edward Jones?<\/h3>\n<p class=\"pt20\"><a href=\"\/fr-CA\/domaines-de-carriere\/nouveaux-representants-en-services-financiers\/\">Apprenez-en plus sur le lancement d\u2019une carri\u00e8re de conseiller en investissement<\/a> ou <a href=\"\/fr-CA\/resultats-de-la-recherche-demploi\/?location=Canada&amp;country=CA&amp;radius=25&amp;units=km\">commencez \u00e0 chercher des opportunit\u00e9s<\/a> d\u00e8s maintenant. Si vous d\u00e9tenez d\u00e9j\u00e0 un permis de conseiller en investissement, <a href=\"h\/fr-CA\/domaines-de-carriere\/representants-en-services-financiers-chevronnes\/\">apprenez comment nous pouvons faire passer votre activit\u00e9 \u00e0 un niveau sup\u00e9rieur<\/a>.<\/p>\n<p>[\/av_textblock]<\/p>\n<p>[\/av_three_fourth][av_one_fourth min_height=\u00a0\u00bb vertical_alignment=&rsquo;av-align-top&rsquo; space=\u00a0\u00bb margin=&rsquo;0px&rsquo; margin_sync=&rsquo;true&rsquo; padding=&rsquo;0px&rsquo; padding_sync=&rsquo;true&rsquo; border=\u00a0\u00bb border_color=\u00a0\u00bb radius=&rsquo;0px&rsquo; radius_sync=&rsquo;true&rsquo; background_color=&rsquo;#fde57f&rsquo; src=\u00a0\u00bb attachment=\u00a0\u00bb attachment_size=\u00a0\u00bb background_position=&rsquo;top left&rsquo; background_repeat=&rsquo;no-repeat&rsquo; animation=\u00a0\u00bb mobile_display=\u00a0\u00bb custom_class=&rsquo;search-widget search-widget-vertical&rsquo;]<\/p>\n<p>[av_sidebar widget_area=&rsquo;Home &#8211; Under banner Job Search Widget&rsquo;]<\/p>\n<p>[\/av_one_fourth][\/av_section][av_section min_height=\u00a0\u00bb min_height_px=&rsquo;500px&rsquo; padding=&rsquo;no-padding&rsquo; shadow=&rsquo;no-border-styling&rsquo; bottom_border=&rsquo;no-border-styling&rsquo; bottom_border_diagonal_color=&rsquo;#333333&prime; bottom_border_diagonal_direction=\u00a0\u00bb bottom_border_style=\u00a0\u00bb id=\u00a0\u00bb color=&rsquo;main_color&rsquo; custom_bg=\u00a0\u00bb src=\u00a0\u00bb attachment=\u00a0\u00bb attachment_size=\u00a0\u00bb attach=&rsquo;scroll&rsquo; position=&rsquo;top left&rsquo; repeat=&rsquo;no-repeat&rsquo; video=\u00a0\u00bb video_ratio=&rsquo;16:9&prime; overlay_opacity=&rsquo;0.5&prime; overlay_color=\u00a0\u00bb overlay_pattern=\u00a0\u00bb overlay_custom_pattern=\u00a0\u00bb custom_class=&rsquo;pb130 related-posts-outer&rsquo;]<br \/>\n[av_textblock size=\u00a0\u00bb font_color=\u00a0\u00bb color=\u00a0\u00bb custom_class=&rsquo;h2-small-wrapper&rsquo;]<\/p>\n<h2 class=\"h2-small\">Related Posts<\/h2>\n<p>[\/av_textblock]<\/p>\n<p>[av_postslider link=&rsquo;category,1&prime; columns=&rsquo;3&prime; items=&rsquo;4&prime; offset=&rsquo;0&prime; contents=&rsquo;title&rsquo; preview_mode=&rsquo;auto&rsquo; image_size=&rsquo;portfolio&rsquo; autoplay=&rsquo;no&rsquo; interval=&rsquo;5&prime; custom_class=&rsquo;pt30 related-posts&rsquo;]<br \/>\n[\/av_section]<\/p>\n","protected":false},"excerpt":{"rendered":"<p>[av_section min_height=\u00a0\u00bb min_height_px=&rsquo;60px&rsquo; padding=&rsquo;no-padding&rsquo; shadow=&rsquo;no-border-styling&rsquo; bottom_border=&rsquo;no-border-styling&rsquo; bottom_border_diagonal_color=&rsquo;#333333&prime; bottom_border_diagonal_direction=\u00a0\u00bb bottom_border_style=\u00a0\u00bb id=\u00a0\u00bb<\/p>\n","protected":false},"author":1081,"featured_media":0,"comment_status":"closed","ping_status":"closed","sticky":false,"template":"","format":"standard","meta":{"_acf_changed":false,"pgc_meta":"","footnotes":""},"categories":[3660],"tags":[],"persona":[],"class_list":["post-30621","post","type-post","status-publish","format-standard","hentry","category-nouveaux-representants-en-services-financiers"],"yoast_head":"<!-- This site is optimized with the Yoast SEO Premium plugin v23.0 (Yoast SEO v23.0) - https:\/\/yoast.com\/wordpress\/plugins\/seo\/ -->\n<title>Ce n\u2019est pas une question d\u2019\u00e9quilibre. Il s\u2019agit de l\u2019int\u00e9gration de la vie professionnelle et de la vie priv\u00e9e. - Edwardjones<\/title>\n<meta name=\"robots\" content=\"index, follow, max-snippet:-1, max-image-preview:large, max-video-preview:-1\" \/>\n<link rel=\"canonical\" href=\"https:\/\/careers.edwardjones.com\/fr-CA\/blog\/ce-nest-pas-une-question-d-equilibre-il-sagit-de-le-integration-de-la-vie-professionnelle-et-de-la-vie-privee\/\" \/>\n<meta property=\"og:locale\" content=\"fr_CA\" \/>\n<meta property=\"og:type\" content=\"article\" \/>\n<meta property=\"og:title\" content=\"Ce n\u2019est pas une question d\u2019\u00e9quilibre. Il s\u2019agit de l\u2019int\u00e9gration de la vie professionnelle et de la vie priv\u00e9e.\" \/>\n<meta property=\"og:url\" content=\"https:\/\/edwardjones.site.findly.com\/fr-CA\/blog\/ce-nest-pas-une-question-d-equilibre-il-sagit-de-le-integration-de-la-vie-professionnelle-et-de-la-vie-privee\/\" \/>\n<meta property=\"og:site_name\" content=\"Edwardjones\" \/>\n<meta property=\"article:published_time\" content=\"2022-02-14T18:55:08+00:00\" \/>\n<meta property=\"article:modified_time\" content=\"2024-03-26T03:05:12+00:00\" \/>\n<meta property=\"og:image\" content=\"https:\/\/edwardjones.site.findly.com\/wp-content\/uploads\/sites\/3808\/2020\/10\/EdwardJonesCareers-logo-200x200px.jpg\" \/>\n\t<meta property=\"og:image:width\" content=\"200\" \/>\n\t<meta property=\"og:image:height\" content=\"200\" \/>\n\t<meta property=\"og:image:type\" content=\"image\/jpeg\" \/>\n<meta name=\"author\" content=\"ndowney\" \/>\n<meta name=\"twitter:label1\" content=\"\u00c9crit par\" \/>\n\t<meta name=\"twitter:data1\" content=\"ndowney\" \/>\n\t<meta name=\"twitter:label2\" content=\"Estimation du temps de lecture\" \/>\n\t<meta name=\"twitter:data2\" content=\"7 minutes\" \/>\n<script type=\"application\/ld+json\" class=\"yoast-schema-graph\">{\"@context\":\"https:\/\/schema.org\",\"@graph\":[{\"@type\":\"WebPage\",\"@id\":\"https:\/\/edwardjones.site.findly.com\/fr-CA\/blog\/ce-nest-pas-une-question-d-equilibre-il-sagit-de-le-integration-de-la-vie-professionnelle-et-de-la-vie-privee\/\",\"url\":\"https:\/\/edwardjones.site.findly.com\/fr-CA\/blog\/ce-nest-pas-une-question-d-equilibre-il-sagit-de-le-integration-de-la-vie-professionnelle-et-de-la-vie-privee\/\",\"name\":\"Ce n\u2019est pas une question d\u2019\u00e9quilibre. Il s\u2019agit de l\u2019int\u00e9gration de la vie professionnelle et de la vie priv\u00e9e. - Edwardjones\",\"isPartOf\":{\"@id\":\"https:\/\/careers.edwardjones.com\/#website\"},\"datePublished\":\"2022-02-14T18:55:08+00:00\",\"dateModified\":\"2024-03-26T03:05:12+00:00\",\"author\":{\"@id\":\"https:\/\/careers.edwardjones.com\/#\/schema\/person\/7bb25563312b79eb0e337e6aa657904d\"},\"breadcrumb\":{\"@id\":\"https:\/\/edwardjones.site.findly.com\/fr-CA\/blog\/ce-nest-pas-une-question-d-equilibre-il-sagit-de-le-integration-de-la-vie-professionnelle-et-de-la-vie-privee\/#breadcrumb\"},\"inLanguage\":\"fr-CA\",\"potentialAction\":[{\"@type\":\"ReadAction\",\"target\":[\"https:\/\/edwardjones.site.findly.com\/fr-CA\/blog\/ce-nest-pas-une-question-d-equilibre-il-sagit-de-le-integration-de-la-vie-professionnelle-et-de-la-vie-privee\/\"]}]},{\"@type\":\"BreadcrumbList\",\"@id\":\"https:\/\/edwardjones.site.findly.com\/fr-CA\/blog\/ce-nest-pas-une-question-d-equilibre-il-sagit-de-le-integration-de-la-vie-professionnelle-et-de-la-vie-privee\/#breadcrumb\",\"itemListElement\":[{\"@type\":\"ListItem\",\"position\":1,\"name\":\"Home\",\"item\":\"https:\/\/edwardjones.site.findly.com\/fr-CA\/\"},{\"@type\":\"ListItem\",\"position\":2,\"name\":\"Ce n\u2019est pas une question d\u2019\u00e9quilibre. Il s\u2019agit de l\u2019int\u00e9gration de la vie professionnelle et de la vie priv\u00e9e.\"}]},{\"@type\":\"WebSite\",\"@id\":\"https:\/\/careers.edwardjones.com\/#website\",\"url\":\"https:\/\/careers.edwardjones.com\/\",\"name\":\"Edwardjones\",\"description\":\"ibee Demo Site\",\"potentialAction\":[{\"@type\":\"SearchAction\",\"target\":{\"@type\":\"EntryPoint\",\"urlTemplate\":\"https:\/\/careers.edwardjones.com\/?s={search_term_string}\"},\"query-input\":\"required name=search_term_string\"}],\"inLanguage\":\"fr-CA\"},{\"@type\":\"Person\",\"@id\":\"https:\/\/careers.edwardjones.com\/#\/schema\/person\/7bb25563312b79eb0e337e6aa657904d\",\"name\":\"ndowney\"}]}<\/script>\n<!-- \/ Yoast SEO Premium plugin. -->","yoast_head_json":{"title":"Ce n\u2019est pas une question d\u2019\u00e9quilibre. Il s\u2019agit de l\u2019int\u00e9gration de la vie professionnelle et de la vie priv\u00e9e. - Edwardjones","robots":{"index":"index","follow":"follow","max-snippet":"max-snippet:-1","max-image-preview":"max-image-preview:large","max-video-preview":"max-video-preview:-1"},"canonical":"https:\/\/careers.edwardjones.com\/fr-CA\/blog\/ce-nest-pas-une-question-d-equilibre-il-sagit-de-le-integration-de-la-vie-professionnelle-et-de-la-vie-privee\/","og_locale":"fr_CA","og_type":"article","og_title":"Ce n\u2019est pas une question d\u2019\u00e9quilibre. Il s\u2019agit de l\u2019int\u00e9gration de la vie professionnelle et de la vie priv\u00e9e.","og_url":"https:\/\/edwardjones.site.findly.com\/fr-CA\/blog\/ce-nest-pas-une-question-d-equilibre-il-sagit-de-le-integration-de-la-vie-professionnelle-et-de-la-vie-privee\/","og_site_name":"Edwardjones","article_published_time":"2022-02-14T18:55:08+00:00","article_modified_time":"2024-03-26T03:05:12+00:00","og_image":[{"width":200,"height":200,"url":"https:\/\/edwardjones.site.findly.com\/wp-content\/uploads\/sites\/3808\/2020\/10\/EdwardJonesCareers-logo-200x200px.jpg","type":"image\/jpeg"}],"author":"ndowney","twitter_misc":{"\u00c9crit par":"ndowney","Estimation du temps de lecture":"7 minutes"},"schema":{"@context":"https:\/\/schema.org","@graph":[{"@type":"WebPage","@id":"https:\/\/edwardjones.site.findly.com\/fr-CA\/blog\/ce-nest-pas-une-question-d-equilibre-il-sagit-de-le-integration-de-la-vie-professionnelle-et-de-la-vie-privee\/","url":"https:\/\/edwardjones.site.findly.com\/fr-CA\/blog\/ce-nest-pas-une-question-d-equilibre-il-sagit-de-le-integration-de-la-vie-professionnelle-et-de-la-vie-privee\/","name":"Ce n\u2019est pas une question d\u2019\u00e9quilibre. Il s\u2019agit de l\u2019int\u00e9gration de la vie professionnelle et de la vie priv\u00e9e. - Edwardjones","isPartOf":{"@id":"https:\/\/careers.edwardjones.com\/#website"},"datePublished":"2022-02-14T18:55:08+00:00","dateModified":"2024-03-26T03:05:12+00:00","author":{"@id":"https:\/\/careers.edwardjones.com\/#\/schema\/person\/7bb25563312b79eb0e337e6aa657904d"},"breadcrumb":{"@id":"https:\/\/edwardjones.site.findly.com\/fr-CA\/blog\/ce-nest-pas-une-question-d-equilibre-il-sagit-de-le-integration-de-la-vie-professionnelle-et-de-la-vie-privee\/#breadcrumb"},"inLanguage":"fr-CA","potentialAction":[{"@type":"ReadAction","target":["https:\/\/edwardjones.site.findly.com\/fr-CA\/blog\/ce-nest-pas-une-question-d-equilibre-il-sagit-de-le-integration-de-la-vie-professionnelle-et-de-la-vie-privee\/"]}]},{"@type":"BreadcrumbList","@id":"https:\/\/edwardjones.site.findly.com\/fr-CA\/blog\/ce-nest-pas-une-question-d-equilibre-il-sagit-de-le-integration-de-la-vie-professionnelle-et-de-la-vie-privee\/#breadcrumb","itemListElement":[{"@type":"ListItem","position":1,"name":"Home","item":"https:\/\/edwardjones.site.findly.com\/fr-CA\/"},{"@type":"ListItem","position":2,"name":"Ce n\u2019est pas une question d\u2019\u00e9quilibre. Il s\u2019agit de l\u2019int\u00e9gration de la vie professionnelle et de la vie priv\u00e9e."}]},{"@type":"WebSite","@id":"https:\/\/careers.edwardjones.com\/#website","url":"https:\/\/careers.edwardjones.com\/","name":"Edwardjones","description":"ibee Demo Site","potentialAction":[{"@type":"SearchAction","target":{"@type":"EntryPoint","urlTemplate":"https:\/\/careers.edwardjones.com\/?s={search_term_string}"},"query-input":"required name=search_term_string"}],"inLanguage":"fr-CA"},{"@type":"Person","@id":"https:\/\/careers.edwardjones.com\/#\/schema\/person\/7bb25563312b79eb0e337e6aa657904d","name":"ndowney"}]}},"acf":[],"_links":{"self":[{"href":"https:\/\/edwardjones.site.findly.com\/fr-CA\/wp-json\/wp\/v2\/posts\/30621","targetHints":{"allow":["GET"]}}],"collection":[{"href":"https:\/\/edwardjones.site.findly.com\/fr-CA\/wp-json\/wp\/v2\/posts"}],"about":[{"href":"https:\/\/edwardjones.site.findly.com\/fr-CA\/wp-json\/wp\/v2\/types\/post"}],"author":[{"embeddable":true,"href":"https:\/\/edwardjones.site.findly.com\/fr-CA\/wp-json\/wp\/v2\/users\/1081"}],"replies":[{"embeddable":true,"href":"https:\/\/edwardjones.site.findly.com\/fr-CA\/wp-json\/wp\/v2\/comments?post=30621"}],"version-history":[{"count":4,"href":"https:\/\/edwardjones.site.findly.com\/fr-CA\/wp-json\/wp\/v2\/posts\/30621\/revisions"}],"predecessor-version":[{"id":30828,"href":"https:\/\/edwardjones.site.findly.com\/fr-CA\/wp-json\/wp\/v2\/posts\/30621\/revisions\/30828"}],"wp:attachment":[{"href":"https:\/\/edwardjones.site.findly.com\/fr-CA\/wp-json\/wp\/v2\/media?parent=30621"}],"wp:term":[{"taxonomy":"category","embeddable":true,"href":"https:\/\/edwardjones.site.findly.com\/fr-CA\/wp-json\/wp\/v2\/categories?post=30621"},{"taxonomy":"post_tag","embeddable":true,"href":"https:\/\/edwardjones.site.findly.com\/fr-CA\/wp-json\/wp\/v2\/tags?post=30621"},{"taxonomy":"persona","embeddable":true,"href":"https:\/\/edwardjones.site.findly.com\/fr-CA\/wp-json\/wp\/v2\/persona?post=30621"}],"curies":[{"name":"wp","href":"https:\/\/api.w.org\/{rel}","templated":true}]}}