{"id":19663,"date":"2020-09-06T16:11:19","date_gmt":"2020-09-06T16:11:19","guid":{"rendered":"https:\/\/careers.edwardjones.com\/?p=19663"},"modified":"2021-03-18T17:27:04","modified_gmt":"2021-03-18T17:27:04","slug":"edward-jones-sest-classe-en-deuxieme-place-dans-le-cadre-du-sondage-annuel-des-conseillers-de-2020","status":"publish","type":"post","link":"https:\/\/edwardjones.site.findly.com\/fr-CA\/blog\/edward-jones-sest-classe-en-deuxieme-place-dans-le-cadre-du-sondage-annuel-des-conseillers-de-2020\/","title":{"rendered":"Edward Jones s\u2019est class\u00e9 en deuxi\u00e8me place dans le cadre du sondage annuel des conseillers de 2020"},"content":{"rendered":"<p>[av_section min_height=\u00a0\u00bb min_height_px=&rsquo;60px&rsquo; padding=&rsquo;no-padding&rsquo; shadow=&rsquo;no-border-styling&rsquo; bottom_border=&rsquo;no-border-styling&rsquo; bottom_border_diagonal_color=&rsquo;#333333&prime; bottom_border_diagonal_direction=\u00a0\u00bb bottom_border_style=\u00a0\u00bb id=\u00a0\u00bb color=&rsquo;main_color&rsquo; custom_bg=\u00a0\u00bb src=\u00a0\u00bb attachment=\u00a0\u00bb attachment_size=\u00a0\u00bb attach=&rsquo;scroll&rsquo; position=&rsquo;top left&rsquo; repeat=&rsquo;no-repeat&rsquo; video=\u00a0\u00bb video_ratio=&rsquo;16:9&prime; overlay_opacity=&rsquo;0.5&prime; overlay_color=\u00a0\u00bb overlay_pattern=\u00a0\u00bb overlay_custom_pattern=\u00a0\u00bb custom_class=&rsquo;breadcrumb-section minht0 pb40 blog-detail-breadcrumb&rsquo;]<br \/>\n[av_textblock size=\u00a0\u00bb font_color=\u00a0\u00bb color=\u00a0\u00bb custom_class=\u00a0\u00bb]<br \/>\n[cws_bread_crumb separator=&gt;]<br \/>\n[\/av_textblock]<br \/>\n[\/av_section]<\/p>\n<p>[av_section min_height=\u00a0\u00bb min_height_px=&rsquo;500px&rsquo; padding=&rsquo;no-padding&rsquo; shadow=&rsquo;no-border-styling&rsquo; bottom_border=&rsquo;no-border-styling&rsquo; bottom_border_diagonal_color=&rsquo;#333333&prime; bottom_border_diagonal_direction=\u00a0\u00bb bottom_border_style=\u00a0\u00bb id=\u00a0\u00bb color=&rsquo;main_color&rsquo; custom_bg=\u00a0\u00bb src=\u00a0\u00bb attachment=\u00a0\u00bb attachment_size=\u00a0\u00bb attach=&rsquo;scroll&rsquo; position=&rsquo;top left&rsquo; repeat=&rsquo;no-repeat&rsquo; video=\u00a0\u00bb video_ratio=&rsquo;16:9&prime; overlay_opacity=&rsquo;0.5&prime; overlay_color=\u00a0\u00bb overlay_pattern=\u00a0\u00bb overlay_custom_pattern=\u00a0\u00bb custom_class=&rsquo;left-text-right-image two-col-wideimg reverse-col blog-detail-banner blog-detail-banner-img&rsquo;]<br \/>\n[av_one_third first min_height=&rsquo;av-equal-height-column&rsquo; vertical_alignment=&rsquo;av-align-middle&rsquo; space=&rsquo;no_margin&rsquo; margin=&rsquo;0px&rsquo; margin_sync=&rsquo;true&rsquo; padding=&rsquo;0px&rsquo; padding_sync=&rsquo;true&rsquo; border=\u00a0\u00bb border_color=\u00a0\u00bb radius=&rsquo;0px&rsquo; radius_sync=&rsquo;true&rsquo; background_color=&rsquo;#fdf8da&rsquo; src=\u00a0\u00bb attachment=\u00a0\u00bb attachment_size=\u00a0\u00bb background_position=&rsquo;top left&rsquo; background_repeat=&rsquo;no-repeat&rsquo; animation=\u00a0\u00bb mobile_display=\u00a0\u00bb custom_class=&rsquo;l-text&rsquo;]<\/p>\n<p>[av_textblock size=\u00a0\u00bb font_color=\u00a0\u00bb color=\u00a0\u00bb custom_class=&rsquo;blog-title&rsquo;]<\/p>\n<div class=\"avia_textblock h2-small-wrapper m0\">\n<p class=\"h2-small\"><span>Prix et distinctions <\/span>:<\/p>\n<\/div>\n<h1 class=\"pt10\">Edward\u00a0Jones s\u2019est class\u00e9 en deuxi\u00e8me place ex \u00e6quo dans le cadre du sondage annuel des conseillers de\u00a02020.<\/h1>\n<p>[av_social_share title=&rsquo;Partagez cet publication :&rsquo; style=\u00a0\u00bb buttons=&rsquo;custom&rsquo; share_facebook=&rsquo;aviaTBshare_facebook&rsquo; share_twitter=&rsquo;aviaTBshare_twitter&rsquo; share_linkedin=&rsquo;aviaTBshare_linkedin&rsquo; share_mail=&rsquo;aviaTBshare_mail&rsquo; custom_class=&rsquo;ejd-banner-social-share-widget blog-detail-banner-social-share d-flex&rsquo;]<br \/>\n[\/av_textblock]<\/p>\n<p>[\/av_one_third][av_two_third min_height=\u00a0\u00bb vertical_alignment=&rsquo;av-align-top&rsquo; space=\u00a0\u00bb margin=&rsquo;0px&rsquo; margin_sync=&rsquo;true&rsquo; padding=&rsquo;0px&rsquo; padding_sync=&rsquo;true&rsquo; border=\u00a0\u00bb border_color=\u00a0\u00bb radius=&rsquo;0px&rsquo; radius_sync=&rsquo;true&rsquo; background_color=\u00a0\u00bb src=\u00a0\u00bb attachment=\u00a0\u00bb attachment_size=\u00a0\u00bb background_position=&rsquo;top left&rsquo; background_repeat=&rsquo;no-repeat&rsquo; animation=\u00a0\u00bb mobile_display=\u00a0\u00bb custom_class=&rsquo;r-img&rsquo;]<\/p>\n<p>[av_image src=&rsquo;\/wp-content\/uploads\/sites\/1392\/2020\/09\/can-ie-reportcard-2020-870&#215;677-1.jpg&rsquo; attachment=&rsquo;18758&prime; attachment_size=&rsquo;full&rsquo; align=&rsquo;right&rsquo; styling=\u00a0\u00bb hover=\u00a0\u00bb link=\u00a0\u00bb target=\u00a0\u00bb caption=\u00a0\u00bb font_size=\u00a0\u00bb appearance=\u00a0\u00bb overlay_opacity=&rsquo;0.4&prime; overlay_color=&rsquo;#000000&prime; overlay_text_color=&rsquo;#ffffff&rsquo; animation=&rsquo;no-animation&rsquo; custom_class=\u00a0\u00bb][\/av_image]<\/p>\n<p>[\/av_two_third]<br \/>\n[\/av_section]<\/p>\n<p>[av_section min_height=\u00a0\u00bb min_height_px=&rsquo;500px&rsquo; padding=&rsquo;no-padding&rsquo; shadow=&rsquo;no-border-styling&rsquo; bottom_border=&rsquo;no-border-styling&rsquo; bottom_border_diagonal_color=&rsquo;#333333&prime; bottom_border_diagonal_direction=\u00a0\u00bb bottom_border_style=\u00a0\u00bb id=\u00a0\u00bb color=&rsquo;main_color&rsquo; custom_bg=\u00a0\u00bb src=\u00a0\u00bb attachment=\u00a0\u00bb attachment_size=\u00a0\u00bb attach=&rsquo;scroll&rsquo; position=&rsquo;top left&rsquo; repeat=&rsquo;no-repeat&rsquo; video=\u00a0\u00bb video_ratio=&rsquo;16:9&prime; overlay_opacity=&rsquo;0.5&prime; overlay_color=\u00a0\u00bb overlay_pattern=\u00a0\u00bb overlay_custom_pattern=\u00a0\u00bb custom_class=&rsquo;pt90 pb100 search-widget-vertical-container&rsquo;]<\/p>\n<p>[av_three_fourth first min_height=\u00a0\u00bb vertical_alignment=&rsquo;av-align-top&rsquo; space=\u00a0\u00bb margin=&rsquo;0px&rsquo; margin_sync=&rsquo;true&rsquo; padding=&rsquo;0px&rsquo; padding_sync=&rsquo;true&rsquo; border=\u00a0\u00bb border_color=\u00a0\u00bb radius=&rsquo;0px&rsquo; radius_sync=&rsquo;true&rsquo; background_color=\u00a0\u00bb src=\u00a0\u00bb attachment=\u00a0\u00bb attachment_size=\u00a0\u00bb background_position=&rsquo;top left&rsquo; background_repeat=&rsquo;no-repeat&rsquo; animation=\u00a0\u00bb mobile_display=\u00a0\u00bb custom_class=\u00a0\u00bb]<\/p>\n<p>[av_textblock size=\u00a0\u00bb font_color=\u00a0\u00bb color=\u00a0\u00bb custom_class=&rsquo;h2fs30 h2fw600&prime;]<br \/>\nC\u2019est la 23<span>\u1d49<\/span> apparition cons\u00e9cutive d\u2019Edward Jones dans le sondage annuel des conseillers.<\/p>\n<p>Le rapport de cette ann\u00e9e \u00e9value la performance de 14\u00a0maisons de courtage \u2013 six soci\u00e9t\u00e9s ind\u00e9pendantes \u00e0 l\u2019\u00e9chelle nationale, deux soci\u00e9t\u00e9s ind\u00e9pendantes \u00e0 l\u2019\u00e9chelle r\u00e9gionale et six maisons de courtage d\u00e9tenues pas des banques \u2013 dans 32\u00a0cat\u00e9gories.<\/p>\n<p class=\"m0\">La stabilit\u00e9 et la constance de notre soci\u00e9t\u00e9 ressortent clairement du rapport de 2020. Nous avons \u00e9t\u00e9 class\u00e9s parmi les plus performants pour\u00a0:<\/p>\n<ul class=\"pb20\">\n<li>notre culture d\u2019entreprise<\/li>\n<li>notre orientation strat\u00e9gique<\/li>\n<li>notre code d\u2019\u00e9thique<\/li>\n<li>notre programme de r\u00e9compenses et de reconnaissance<\/li>\n<li>nos outils technologiques et le syst\u00e8me informatique des repr\u00e9sentants<\/li>\n<li>l\u2019aide \u00e0 l\u2019\u00e9laboration d\u2019un plan financier pour les clients<\/li>\n<li>notre formation continue<\/li>\n<li>notre soutien en ce qui a trait \u00e0 l\u2019\u00e9volution du contexte r\u00e9glementaire<\/li>\n<\/ul>\n<p>Pour plus d&rsquo;informations, consultez <a href=\"https:\/\/www.investmentexecutive.com\/feature\/brokerage-report-card-2020\/\" target=\"_blank\" class=\"edj-link\" rel=\"noopener noreferrer\">le rapport d\u2019Investment Executive<\/a>.<br \/>\n[\/av_textblock]<\/p>\n<p>[\/av_three_fourth][av_one_fourth min_height=\u00a0\u00bb vertical_alignment=&rsquo;av-align-top&rsquo; space=\u00a0\u00bb margin=&rsquo;0px&rsquo; margin_sync=&rsquo;true&rsquo; padding=&rsquo;0px&rsquo; padding_sync=&rsquo;true&rsquo; border=\u00a0\u00bb border_color=\u00a0\u00bb radius=&rsquo;0px&rsquo; radius_sync=&rsquo;true&rsquo; background_color=&rsquo;#fde57f&rsquo; src=\u00a0\u00bb attachment=\u00a0\u00bb attachment_size=\u00a0\u00bb background_position=&rsquo;top left&rsquo; background_repeat=&rsquo;no-repeat&rsquo; animation=\u00a0\u00bb mobile_display=\u00a0\u00bb custom_class=&rsquo;search-widget search-widget-vertical&rsquo;]<\/p>\n<p>[av_sidebar widget_area=&rsquo;Home &#8211; fr-CA Under banner Job Search Widget &lsquo;]<\/p>\n<p>[\/av_one_fourth][\/av_section][av_section min_height=\u00a0\u00bb min_height_px=&rsquo;500px&rsquo; padding=&rsquo;no-padding&rsquo; shadow=&rsquo;no-border-styling&rsquo; bottom_border=&rsquo;no-border-styling&rsquo; bottom_border_diagonal_color=&rsquo;#333333&prime; bottom_border_diagonal_direction=\u00a0\u00bb bottom_border_style=\u00a0\u00bb id=\u00a0\u00bb color=&rsquo;main_color&rsquo; custom_bg=\u00a0\u00bb src=\u00a0\u00bb attachment=\u00a0\u00bb attachment_size=\u00a0\u00bb attach=&rsquo;scroll&rsquo; position=&rsquo;top left&rsquo; repeat=&rsquo;no-repeat&rsquo; video=\u00a0\u00bb video_ratio=&rsquo;16:9&prime; overlay_opacity=&rsquo;0.5&prime; overlay_color=\u00a0\u00bb overlay_pattern=\u00a0\u00bb overlay_custom_pattern=\u00a0\u00bb custom_class=&rsquo;pb130 related-posts-outer&rsquo;]<br \/>\n[av_textblock size=\u00a0\u00bb font_color=\u00a0\u00bb color=\u00a0\u00bb custom_class=&rsquo;h2-small-wrapper&rsquo;]<\/p>\n<h2 class=\"h2-small\">Les publications connexes<\/h2>\n<p>[\/av_textblock]<\/p>\n<p>[av_postslider link=&rsquo;category,3657&prime; columns=&rsquo;3&prime; items=&rsquo;3&prime; offset=&rsquo;0&prime; contents=&rsquo;title&rsquo; preview_mode=&rsquo;auto&rsquo; image_size=&rsquo;portfolio&rsquo; autoplay=&rsquo;no&rsquo; interval=&rsquo;5&prime; custom_class=&rsquo;pt30 related-posts&rsquo;]<br \/>\n[\/av_section]<\/p>\n","protected":false},"excerpt":{"rendered":"<p>[av_section min_height=\u00a0\u00bb min_height_px=&rsquo;60px&rsquo; padding=&rsquo;no-padding&rsquo; shadow=&rsquo;no-border-styling&rsquo; bottom_border=&rsquo;no-border-styling&rsquo; bottom_border_diagonal_color=&rsquo;#333333&prime; bottom_border_diagonal_direction=\u00a0\u00bb bottom_border_style=\u00a0\u00bb id=\u00a0\u00bb<\/p>\n","protected":false},"author":1415,"featured_media":0,"comment_status":"closed","ping_status":"closed","sticky":false,"template":"","format":"standard","meta":{"_acf_changed":false,"pgc_meta":"","footnotes":""},"categories":[3657],"tags":[],"persona":[],"class_list":["post-19663","post","type-post","status-publish","format-standard","hentry","category-prix-et-distinctions"],"yoast_head":"<!-- This site is optimized with the Yoast SEO Premium plugin v23.0 (Yoast SEO v23.0) - https:\/\/yoast.com\/wordpress\/plugins\/seo\/ -->\n<title>Edward Jones s\u2019est class\u00e9 en deuxi\u00e8me place dans le cadre du sondage annuel des conseillers de 2020<\/title>\n<meta name=\"description\" content=\"Edward Jones s\u2019est class\u00e9 en deuxi\u00e8me place dans le cadre du sondage annuel des conseillers de 2020\" \/>\n<meta name=\"robots\" content=\"index, follow, max-snippet:-1, max-image-preview:large, max-video-preview:-1\" \/>\n<link rel=\"canonical\" href=\"https:\/\/careers.edwardjones.com\/fr-CA\/blog\/edward-jones-sest-classe-en-deuxieme-place-dans-le-cadre-du-sondage-annuel-des-conseillers-de-2020\/\" \/>\n<meta property=\"og:locale\" content=\"fr_CA\" \/>\n<meta property=\"og:type\" content=\"article\" \/>\n<meta property=\"og:title\" content=\"Edward Jones s\u2019est class\u00e9 en deuxi\u00e8me place dans le cadre du sondage annuel des conseillers de 2020\" \/>\n<meta property=\"og:description\" content=\"Edward Jones s\u2019est class\u00e9 en deuxi\u00e8me place dans le cadre du sondage annuel des conseillers de 2020\" \/>\n<meta property=\"og:url\" content=\"https:\/\/edwardjones.site.findly.com\/fr-CA\/blog\/edward-jones-sest-classe-en-deuxieme-place-dans-le-cadre-du-sondage-annuel-des-conseillers-de-2020\/\" \/>\n<meta property=\"og:site_name\" content=\"Edwardjones\" \/>\n<meta property=\"article:published_time\" content=\"2020-09-06T16:11:19+00:00\" \/>\n<meta property=\"article:modified_time\" content=\"2021-03-18T17:27:04+00:00\" \/>\n<meta property=\"og:image\" content=\"https:\/\/edwardjones.site.findly.com\/wp-content\/uploads\/sites\/3808\/2020\/10\/EdwardJonesCareers-logo-200x200px.jpg\" \/>\n\t<meta property=\"og:image:width\" content=\"200\" \/>\n\t<meta property=\"og:image:height\" content=\"200\" \/>\n\t<meta property=\"og:image:type\" content=\"image\/jpeg\" \/>\n<meta name=\"twitter:label1\" content=\"\u00c9crit par\" \/>\n\t<meta name=\"twitter:data1\" content=\"\" \/>\n\t<meta name=\"twitter:label2\" content=\"Estimation du temps de lecture\" \/>\n\t<meta name=\"twitter:data2\" content=\"5 minutes\" \/>\n<script type=\"application\/ld+json\" class=\"yoast-schema-graph\">{\"@context\":\"https:\/\/schema.org\",\"@graph\":[{\"@type\":\"WebPage\",\"@id\":\"https:\/\/edwardjones.site.findly.com\/fr-CA\/blog\/edward-jones-sest-classe-en-deuxieme-place-dans-le-cadre-du-sondage-annuel-des-conseillers-de-2020\/\",\"url\":\"https:\/\/edwardjones.site.findly.com\/fr-CA\/blog\/edward-jones-sest-classe-en-deuxieme-place-dans-le-cadre-du-sondage-annuel-des-conseillers-de-2020\/\",\"name\":\"Edward Jones s\u2019est class\u00e9 en deuxi\u00e8me place dans le cadre du sondage annuel des conseillers de 2020\",\"isPartOf\":{\"@id\":\"https:\/\/careers.edwardjones.com\/#website\"},\"datePublished\":\"2020-09-06T16:11:19+00:00\",\"dateModified\":\"2021-03-18T17:27:04+00:00\",\"author\":{\"@id\":\"\"},\"description\":\"Edward Jones s\u2019est class\u00e9 en deuxi\u00e8me place dans le cadre du sondage annuel des conseillers de 2020\",\"breadcrumb\":{\"@id\":\"https:\/\/edwardjones.site.findly.com\/fr-CA\/blog\/edward-jones-sest-classe-en-deuxieme-place-dans-le-cadre-du-sondage-annuel-des-conseillers-de-2020\/#breadcrumb\"},\"inLanguage\":\"fr-CA\",\"potentialAction\":[{\"@type\":\"ReadAction\",\"target\":[\"https:\/\/edwardjones.site.findly.com\/fr-CA\/blog\/edward-jones-sest-classe-en-deuxieme-place-dans-le-cadre-du-sondage-annuel-des-conseillers-de-2020\/\"]}]},{\"@type\":\"BreadcrumbList\",\"@id\":\"https:\/\/edwardjones.site.findly.com\/fr-CA\/blog\/edward-jones-sest-classe-en-deuxieme-place-dans-le-cadre-du-sondage-annuel-des-conseillers-de-2020\/#breadcrumb\",\"itemListElement\":[{\"@type\":\"ListItem\",\"position\":1,\"name\":\"Home\",\"item\":\"https:\/\/edwardjones.site.findly.com\/fr-CA\/\"},{\"@type\":\"ListItem\",\"position\":2,\"name\":\"Edward Jones s\u2019est class\u00e9 en deuxi\u00e8me place dans le cadre du sondage annuel des conseillers de 2020\"}]},{\"@type\":\"WebSite\",\"@id\":\"https:\/\/careers.edwardjones.com\/#website\",\"url\":\"https:\/\/careers.edwardjones.com\/\",\"name\":\"Edwardjones\",\"description\":\"ibee Demo Site\",\"potentialAction\":[{\"@type\":\"SearchAction\",\"target\":{\"@type\":\"EntryPoint\",\"urlTemplate\":\"https:\/\/careers.edwardjones.com\/?s={search_term_string}\"},\"query-input\":\"required name=search_term_string\"}],\"inLanguage\":\"fr-CA\"},{\"@type\":\"Person\",\"@id\":\"\"}]}<\/script>\n<!-- \/ Yoast SEO Premium plugin. -->","yoast_head_json":{"title":"Edward Jones s\u2019est class\u00e9 en deuxi\u00e8me place dans le cadre du sondage annuel des conseillers de 2020","description":"Edward Jones s\u2019est class\u00e9 en deuxi\u00e8me place dans le cadre du sondage annuel des conseillers de 2020","robots":{"index":"index","follow":"follow","max-snippet":"max-snippet:-1","max-image-preview":"max-image-preview:large","max-video-preview":"max-video-preview:-1"},"canonical":"https:\/\/careers.edwardjones.com\/fr-CA\/blog\/edward-jones-sest-classe-en-deuxieme-place-dans-le-cadre-du-sondage-annuel-des-conseillers-de-2020\/","og_locale":"fr_CA","og_type":"article","og_title":"Edward Jones s\u2019est class\u00e9 en deuxi\u00e8me place dans le cadre du sondage annuel des conseillers de 2020","og_description":"Edward Jones s\u2019est class\u00e9 en deuxi\u00e8me place dans le cadre du sondage annuel des conseillers de 2020","og_url":"https:\/\/edwardjones.site.findly.com\/fr-CA\/blog\/edward-jones-sest-classe-en-deuxieme-place-dans-le-cadre-du-sondage-annuel-des-conseillers-de-2020\/","og_site_name":"Edwardjones","article_published_time":"2020-09-06T16:11:19+00:00","article_modified_time":"2021-03-18T17:27:04+00:00","og_image":[{"width":200,"height":200,"url":"https:\/\/edwardjones.site.findly.com\/wp-content\/uploads\/sites\/3808\/2020\/10\/EdwardJonesCareers-logo-200x200px.jpg","type":"image\/jpeg"}],"twitter_misc":{"\u00c9crit par":"","Estimation du temps de lecture":"5 minutes"},"schema":{"@context":"https:\/\/schema.org","@graph":[{"@type":"WebPage","@id":"https:\/\/edwardjones.site.findly.com\/fr-CA\/blog\/edward-jones-sest-classe-en-deuxieme-place-dans-le-cadre-du-sondage-annuel-des-conseillers-de-2020\/","url":"https:\/\/edwardjones.site.findly.com\/fr-CA\/blog\/edward-jones-sest-classe-en-deuxieme-place-dans-le-cadre-du-sondage-annuel-des-conseillers-de-2020\/","name":"Edward Jones s\u2019est class\u00e9 en deuxi\u00e8me place dans le cadre du sondage annuel des conseillers de 2020","isPartOf":{"@id":"https:\/\/careers.edwardjones.com\/#website"},"datePublished":"2020-09-06T16:11:19+00:00","dateModified":"2021-03-18T17:27:04+00:00","author":{"@id":""},"description":"Edward Jones s\u2019est class\u00e9 en deuxi\u00e8me place dans le cadre du sondage annuel des conseillers de 2020","breadcrumb":{"@id":"https:\/\/edwardjones.site.findly.com\/fr-CA\/blog\/edward-jones-sest-classe-en-deuxieme-place-dans-le-cadre-du-sondage-annuel-des-conseillers-de-2020\/#breadcrumb"},"inLanguage":"fr-CA","potentialAction":[{"@type":"ReadAction","target":["https:\/\/edwardjones.site.findly.com\/fr-CA\/blog\/edward-jones-sest-classe-en-deuxieme-place-dans-le-cadre-du-sondage-annuel-des-conseillers-de-2020\/"]}]},{"@type":"BreadcrumbList","@id":"https:\/\/edwardjones.site.findly.com\/fr-CA\/blog\/edward-jones-sest-classe-en-deuxieme-place-dans-le-cadre-du-sondage-annuel-des-conseillers-de-2020\/#breadcrumb","itemListElement":[{"@type":"ListItem","position":1,"name":"Home","item":"https:\/\/edwardjones.site.findly.com\/fr-CA\/"},{"@type":"ListItem","position":2,"name":"Edward Jones s\u2019est class\u00e9 en deuxi\u00e8me place dans le cadre du sondage annuel des conseillers de 2020"}]},{"@type":"WebSite","@id":"https:\/\/careers.edwardjones.com\/#website","url":"https:\/\/careers.edwardjones.com\/","name":"Edwardjones","description":"ibee Demo Site","potentialAction":[{"@type":"SearchAction","target":{"@type":"EntryPoint","urlTemplate":"https:\/\/careers.edwardjones.com\/?s={search_term_string}"},"query-input":"required name=search_term_string"}],"inLanguage":"fr-CA"},{"@type":"Person","@id":""}]}},"acf":[],"_links":{"self":[{"href":"https:\/\/edwardjones.site.findly.com\/fr-CA\/wp-json\/wp\/v2\/posts\/19663","targetHints":{"allow":["GET"]}}],"collection":[{"href":"https:\/\/edwardjones.site.findly.com\/fr-CA\/wp-json\/wp\/v2\/posts"}],"about":[{"href":"https:\/\/edwardjones.site.findly.com\/fr-CA\/wp-json\/wp\/v2\/types\/post"}],"author":[{"embeddable":true,"href":"https:\/\/edwardjones.site.findly.com\/fr-CA\/wp-json\/wp\/v2\/users\/1415"}],"replies":[{"embeddable":true,"href":"https:\/\/edwardjones.site.findly.com\/fr-CA\/wp-json\/wp\/v2\/comments?post=19663"}],"version-history":[{"count":0,"href":"https:\/\/edwardjones.site.findly.com\/fr-CA\/wp-json\/wp\/v2\/posts\/19663\/revisions"}],"wp:attachment":[{"href":"https:\/\/edwardjones.site.findly.com\/fr-CA\/wp-json\/wp\/v2\/media?parent=19663"}],"wp:term":[{"taxonomy":"category","embeddable":true,"href":"https:\/\/edwardjones.site.findly.com\/fr-CA\/wp-json\/wp\/v2\/categories?post=19663"},{"taxonomy":"post_tag","embeddable":true,"href":"https:\/\/edwardjones.site.findly.com\/fr-CA\/wp-json\/wp\/v2\/tags?post=19663"},{"taxonomy":"persona","embeddable":true,"href":"https:\/\/edwardjones.site.findly.com\/fr-CA\/wp-json\/wp\/v2\/persona?post=19663"}],"curies":[{"name":"wp","href":"https:\/\/api.w.org\/{rel}","templated":true}]}}